{"id":1238,"date":"2025-04-02T01:21:28","date_gmt":"2025-04-01T23:21:28","guid":{"rendered":"https:\/\/ksdartagnan.pl\/?p=1238"},"modified":"2025-04-02T01:32:48","modified_gmt":"2025-04-01T23:32:48","slug":"za-nami-jeden-z-najbardziej-szermierczych-weekendow-w-roku","status":"publish","type":"post","link":"https:\/\/ksdartagnan.pl\/?p=1238","title":{"rendered":"Za nami jeden z najbardziej szermierczych weekend\u00f3w w roku"},"content":{"rendered":"\t\t<div data-elementor-type=\"wp-post\" data-elementor-id=\"1238\" class=\"elementor elementor-1238\">\n\t\t\t\t\t\t<section class=\"elementor-section elementor-top-section elementor-element elementor-element-66d5e88b elementor-section-boxed elementor-section-height-default elementor-section-height-default\" data-id=\"66d5e88b\" data-element_type=\"section\" data-e-type=\"section\">\n\t\t\t\t\t\t<div class=\"elementor-container elementor-column-gap-default\">\n\t\t\t\t\t<div class=\"elementor-column elementor-col-100 elementor-top-column elementor-element elementor-element-5e9cf7a4\" data-id=\"5e9cf7a4\" data-element_type=\"column\" data-e-type=\"column\">\n\t\t\t<div class=\"elementor-widget-wrap elementor-element-populated\">\n\t\t\t\t\t\t<div class=\"elementor-element elementor-element-1f30a710 elementor-widget elementor-widget-text-editor\" data-id=\"1f30a710\" data-element_type=\"widget\" data-e-type=\"widget\" data-widget_type=\"text-editor.default\">\n\t\t\t\t<div class=\"elementor-widget-container\">\n\t\t\t\t\t\t\t\t\t<p><\/p>\n<p>Nasi zawodnicy w sobot\u0119 i niedzieli brali udzia\u0142 w a\u017c <img decoding=\"async\" src=\"https:\/\/static.xx.fbcdn.net\/images\/emoji.php\/v9\/tb8\/1\/16\/33_20e3.png\" alt=\"3\ufe0f\u20e3\" width=\"16\" height=\"16\" \/> du\u017cych szermierczych imprezach:<br \/><img decoding=\"async\" style=\"color: var(--sydney-text-color);\" src=\"https:\/\/static.xx.fbcdn.net\/images\/emoji.php\/v9\/t51\/1\/16\/1f449.png\" alt=\"\ud83d\udc49\" width=\"16\" height=\"16\" \/><span style=\"color: var(--sydney-text-color);\"> w sobot\u0119 w Poznaniu odby\u0142 si\u0119 Puchar Polski Senior\u00f3w we florecie.<\/span><br \/>Najlepiej z naszych wypad\u0142a tego dnia Hania Czarnecka, kt\u00f3ra zaj\u0119\u0142a 22 miejsce <img decoding=\"async\" src=\"https:\/\/static.xx.fbcdn.net\/images\/emoji.php\/v9\/tfe\/1\/16\/1f44f.png\" alt=\"\ud83d\udc4f\" width=\"16\" height=\"16\" \/><br \/>W &#8220;32&#8221; znalaz\u0142y si\u0119 tak\u017ce Natasza Ku\u015b &#8211; 28 i Zosia Mikulicka &#8211; 32.<br \/>We florecie m\u0119\u017cczyzn Janek Gajc by\u0142 30, a Franek Lewandowski 54.<\/p>\n<p><img loading=\"lazy\" decoding=\"async\" src=\"https:\/\/static.xx.fbcdn.net\/images\/emoji.php\/v9\/t51\/1\/16\/1f449.png\" alt=\"\ud83d\udc49\" width=\"16\" height=\"16\" \/> r\u00f3wnie\u017c w Poznaniu, ale w niedziel\u0119, odby\u0142y si\u0119 Mistrzostwa Polski M\u0142odzie\u017cowc\u00f3w <img loading=\"lazy\" decoding=\"async\" src=\"https:\/\/static.xx.fbcdn.net\/images\/emoji.php\/v9\/te0\/1\/16\/1f1f5_1f1f1.png\" alt=\"\ud83c\uddf5\ud83c\uddf1\" width=\"16\" height=\"16\" \/>. W zawodach startowa\u0142a jedna nasza reprezentantka &#8211; Lena Jerz, kt\u00f3ra zaj\u0119\u0142a w zawodach <img loading=\"lazy\" decoding=\"async\" src=\"https:\/\/static.xx.fbcdn.net\/images\/emoji.php\/v9\/t34\/1\/16\/37_20e3.png\" alt=\"7\ufe0f\u20e3\" width=\"16\" height=\"16\" \/> miejsce <img loading=\"lazy\" decoding=\"async\" src=\"https:\/\/static.xx.fbcdn.net\/images\/emoji.php\/v9\/t6c\/1\/16\/1f4aa.png\" alt=\"\ud83d\udcaa\" width=\"16\" height=\"16\" \/><br \/><br \/><img loading=\"lazy\" decoding=\"async\" src=\"https:\/\/static.xx.fbcdn.net\/images\/emoji.php\/v9\/t51\/1\/16\/1f449.png\" alt=\"\ud83d\udc49\" width=\"16\" height=\"16\" \/> We Wroc\u0142awiu natomiast odby\u0142 si\u0119 Challenge Wratislavia &#8211; najwiekszy turniej szermierczy do lat 15 w tej cz\u0119\u015bci Europy <img loading=\"lazy\" decoding=\"async\" src=\"https:\/\/static.xx.fbcdn.net\/images\/emoji.php\/v9\/t1f\/1\/16\/1f93a.png\" alt=\"\ud83e\udd3a\" width=\"16\" height=\"16\" \/><img loading=\"lazy\" decoding=\"async\" src=\"https:\/\/static.xx.fbcdn.net\/images\/emoji.php\/v9\/tdd\/1\/16\/1f1ea_1f1fa.png\" alt=\"\ud83c\uddea\ud83c\uddfa\" width=\"16\" height=\"16\" \/>. Nasi zawodnicy wzi\u0119li udzia\u0142 w prawie wszystkich kategoriach wiekowych.<br \/><\/p><\/div><\/div><\/div><\/div><\/div><\/section><\/div> <a href=\"https:\/\/ksdartagnan.pl\/?p=1238#more-1238\" class=\"more-link elementor-more-link\"><span aria-label=\"Continue reading Za nami jeden z najbardziej szermierczych weekend\u00f3w w roku\">(more&hellip;)<\/span><\/a>","protected":false},"excerpt":{"rendered":"<p>Nasi zawodnicy w sobot\u0119 i niedzieli brali udzia\u0142 w a\u017c du\u017cych szermierczych imprezach: w sobot\u0119 w Poznaniu odby\u0142 si\u0119 Puchar Polski Senior\u00f3w we florecie.Najlepiej z naszych wypad\u0142a tego dnia Hania Czarnecka, kt\u00f3ra zaj\u0119\u0142a 22 miejsce W &#8220;32&#8221; znalaz\u0142y si\u0119 tak\u017ce Natasza Ku\u015b &#8211; 28 i Zosia Mikulicka &#8211; 32.We florecie m\u0119\u017cczyzn Janek Gajc by\u0142 30, a Franek Lewandowski 54. r\u00f3wnie\u017c w Poznaniu, ale w niedziel\u0119, odby\u0142y si\u0119 Mistrzostwa Polski M\u0142odzie\u017cowc\u00f3w . W zawodach startowa\u0142a jedna nasza reprezentantka &#8211; Lena [&hellip;]<\/p>\n","protected":false},"author":3,"featured_media":1664,"comment_status":"open","ping_status":"open","sticky":false,"template":"","format":"standard","meta":{"footnotes":""},"categories":[9],"tags":[],"class_list":["post-1238","post","type-post","status-publish","format-standard","has-post-thumbnail","hentry","category-aktualnosci"],"_links":{"self":[{"href":"https:\/\/ksdartagnan.pl\/index.php?rest_route=\/wp\/v2\/posts\/1238","targetHints":{"allow":["GET"]}}],"collection":[{"href":"https:\/\/ksdartagnan.pl\/index.php?rest_route=\/wp\/v2\/posts"}],"about":[{"href":"https:\/\/ksdartagnan.pl\/index.php?rest_route=\/wp\/v2\/types\/post"}],"author":[{"embeddable":true,"href":"https:\/\/ksdartagnan.pl\/index.php?rest_route=\/wp\/v2\/users\/3"}],"replies":[{"embeddable":true,"href":"https:\/\/ksdartagnan.pl\/index.php?rest_route=%2Fwp%2Fv2%2Fcomments&post=1238"}],"version-history":[{"count":6,"href":"https:\/\/ksdartagnan.pl\/index.php?rest_route=\/wp\/v2\/posts\/1238\/revisions"}],"predecessor-version":[{"id":1700,"href":"https:\/\/ksdartagnan.pl\/index.php?rest_route=\/wp\/v2\/posts\/1238\/revisions\/1700"}],"wp:featuredmedia":[{"embeddable":true,"href":"https:\/\/ksdartagnan.pl\/index.php?rest_route=\/wp\/v2\/media\/1664"}],"wp:attachment":[{"href":"https:\/\/ksdartagnan.pl\/index.php?rest_route=%2Fwp%2Fv2%2Fmedia&parent=1238"}],"wp:term":[{"taxonomy":"category","embeddable":true,"href":"https:\/\/ksdartagnan.pl\/index.php?rest_route=%2Fwp%2Fv2%2Fcategories&post=1238"},{"taxonomy":"post_tag","embeddable":true,"href":"https:\/\/ksdartagnan.pl\/index.php?rest_route=%2Fwp%2Fv2%2Ftags&post=1238"}],"curies":[{"name":"wp","href":"https:\/\/api.w.org\/{rel}","templated":true}]}}