{"id":3126,"date":"2026-01-20T22:40:31","date_gmt":"2026-01-20T21:40:31","guid":{"rendered":"https:\/\/ksdartagnan.pl\/?p=3126"},"modified":"2026-01-20T22:40:32","modified_gmt":"2026-01-20T21:40:32","slug":"sobota-na-dwoch-krancach-europy","status":"publish","type":"post","link":"https:\/\/ksdartagnan.pl\/?p=3126","title":{"rendered":"Sobota na dw\u00f3ch kra\u0144cach Europy"},"content":{"rendered":"\n<p>W sobot\u0119 na dw\u00f3ch kra\u0144cach Europy <img decoding=\"async\" height=\"16\" width=\"16\" alt=\"\ud83c\uddea\ud83c\uddfa\" src=\"https:\/\/static.xx.fbcdn.net\/images\/emoji.php\/v9\/tdd\/1\/16\/1f1ea_1f1fa.png\"> odby\u0142y si\u0119 Puchary \u015awiata Junior\u00f3w we florecie &#8211; w Tbilisi <img decoding=\"async\" height=\"16\" width=\"16\" alt=\"\ud83c\uddec\ud83c\uddea\" src=\"https:\/\/static.xx.fbcdn.net\/images\/emoji.php\/v9\/tc0\/1\/16\/1f1ec_1f1ea.png\"> Zosia Mikulicka i Hania Czarnecka walczy\u0142y w turnieju kobiet, nato<a><\/a>miast w Madrycie <img decoding=\"async\" height=\"16\" width=\"16\" alt=\"\ud83c\uddea\ud83c\uddf8\" src=\"https:\/\/static.xx.fbcdn.net\/images\/emoji.php\/v9\/t34\/1\/16\/1f1ea_1f1f8.png\"> w turnieju m\u0119skim wystartowal Franek Lewandowski.<\/p>\n\n\n\n<p>Najwy\u017cej z naszych w sobot\u0119 uplasowa\u0142a si\u0119 Zosia Mikulicka, kt\u00f3ra by\u0142a 56, zdobywaj\u0105c tym samym 12 punkt\u00f3w do listy Polskiego Zwi\u0105zku Szermierczego.<\/p>\n\n\n\n<p>Druga z naszych reprezentantek &#8211; Hania Czarnecka by\u0142a 104. Przypomnijmy, \u017ce Hania dzie\u0144 wcze\u015bniej zaj\u0119\u0142a fantastyczne <img loading=\"lazy\" decoding=\"async\" height=\"16\" width=\"16\" alt=\"3\ufe0f\u20e3\" src=\"https:\/\/static.xx.fbcdn.net\/images\/emoji.php\/v9\/tb8\/1\/16\/33_20e3.png\"> miejsce w Pucharze \u015awiata Kadetek (do lat 17) <img loading=\"lazy\" decoding=\"async\" height=\"16\" width=\"16\" alt=\"\ud83e\udd49\" src=\"https:\/\/static.xx.fbcdn.net\/images\/emoji.php\/v9\/t96\/1\/16\/1f949.png\">.<\/p>\n\n\n\n<!--more-->\n\n\n\n<p>W Pucharze \u015awiata w sobot\u0119 po raz pierwszy w karierze wzi\u0105\u0142 udzia\u0142 Franek Lewandowski. Nasz floreciesta w grupie wygra\u0142 jedn\u0105 walk\u0119, a dwie kolejne przegra\u0142 zaledwie jednym punktem, zajmuj\u0105c ostatecznie 211 miejsce.<\/p>\n\n\n\n<p>W najbli\u017cszy weekend pi\u0119cioro naszych zawodnik\u00f3w b\u0119dzie walczy\u0107 w stolicy \u0141otwy &#8211; Rydze <img loading=\"lazy\" decoding=\"async\" height=\"16\" width=\"16\" alt=\"\ud83c\uddf1\ud83c\uddfb\" src=\"https:\/\/static.xx.fbcdn.net\/images\/emoji.php\/v9\/t8d\/1\/16\/1f1f1_1f1fb.png\"> &#8211; w Pucharze Europy Kadet\u00f3w<\/p>\n\n\n<style type=\"text\/css\">\n#foogallery-gallery-3118.fg-justified .fg-item { margin-right: 2px; margin-bottom: 2px; }\n#foogallery-gallery-3118.fg-justified .fg-image { height: 200px; }<\/style>\n\t\t\t<div class=\"foogallery foogallery-container foogallery-justified foogallery-lightbox-foobox fg-justified fg-ready fg-light fg-shadow-outline fg-loading-default fg-loaded-fade-in fg-caption-always fg-hover-fade fg-hover-zoom2\" id=\"foogallery-gallery-3118\" data-foogallery=\"{&quot;item&quot;:{&quot;showCaptionTitle&quot;:true,&quot;showCaptionDescription&quot;:false},&quot;lazy&quot;:true,&quot;template&quot;:{&quot;rowHeight&quot;:200,&quot;maxRowHeight&quot;:300,&quot;margins&quot;:2,&quot;align&quot;:&quot;center&quot;,&quot;lastRow&quot;:&quot;smart&quot;}}\" style=\"--fg-title-line-clamp: 1; --fg-description-line-clamp: 2;\" >\n\t<div class=\"fg-item fg-type-image fg-idle\"><figure class=\"fg-item-inner\"><a href=\"https:\/\/ksdartagnan.pl\/wp-content\/uploads\/2026\/01\/615745504_1427356625849648_3951269448483638740_n.jpg\" data-attachment-id=\"3119\" data-type=\"image\" class=\"fg-thumb\"><span class=\"fg-image-wrap\"><img fetchpriority=\"high\" decoding=\"async\" height=\"300\" width=\"225\" class=\"skip-lazy fg-image\" data-src-fg=\"https:\/\/ksdartagnan.pl\/wp-content\/uploads\/cache\/2026\/01\/615745504_1427356625849648_3951269448483638740_n\/2145542194.jpg\" src=\"data:image\/svg+xml,%3Csvg%20xmlns%3D%22http%3A%2F%2Fwww.w3.org%2F2000%2Fsvg%22%20width%3D%22225%22%20height%3D%22300%22%20viewBox%3D%220%200%20225%20300%22%3E%3C%2Fsvg%3E\" loading=\"eager\"><\/span><span class=\"fg-image-overlay\"><\/span><\/a><\/figure><div class=\"fg-loader\"><\/div><\/div><div class=\"fg-item fg-type-image fg-idle\"><figure class=\"fg-item-inner\"><a href=\"https:\/\/ksdartagnan.pl\/wp-content\/uploads\/2026\/01\/615798944_1427356819182962_1654052898776517583_n.jpg\" data-attachment-id=\"3120\" data-type=\"image\" class=\"fg-thumb\"><span class=\"fg-image-wrap\"><img decoding=\"async\" height=\"300\" width=\"225\" class=\"skip-lazy fg-image\" data-src-fg=\"https:\/\/ksdartagnan.pl\/wp-content\/uploads\/cache\/2026\/01\/615798944_1427356819182962_1654052898776517583_n\/2746405918.jpg\" src=\"data:image\/svg+xml,%3Csvg%20xmlns%3D%22http%3A%2F%2Fwww.w3.org%2F2000%2Fsvg%22%20width%3D%22225%22%20height%3D%22300%22%20viewBox%3D%220%200%20225%20300%22%3E%3C%2Fsvg%3E\" loading=\"eager\"><\/span><span class=\"fg-image-overlay\"><\/span><\/a><\/figure><div class=\"fg-loader\"><\/div><\/div><div class=\"fg-item fg-type-image fg-idle\"><figure class=\"fg-item-inner\"><a href=\"https:\/\/ksdartagnan.pl\/wp-content\/uploads\/2026\/01\/615859587_1427356755849635_2147065598365316589_n.jpg\" data-attachment-id=\"3121\" data-type=\"image\" class=\"fg-thumb\"><span class=\"fg-image-wrap\"><img decoding=\"async\" height=\"300\" width=\"225\" class=\"skip-lazy fg-image\" data-src-fg=\"https:\/\/ksdartagnan.pl\/wp-content\/uploads\/cache\/2026\/01\/615859587_1427356755849635_2147065598365316589_n\/1222289810.jpg\" src=\"data:image\/svg+xml,%3Csvg%20xmlns%3D%22http%3A%2F%2Fwww.w3.org%2F2000%2Fsvg%22%20width%3D%22225%22%20height%3D%22300%22%20viewBox%3D%220%200%20225%20300%22%3E%3C%2Fsvg%3E\" loading=\"eager\"><\/span><span class=\"fg-image-overlay\"><\/span><\/a><\/figure><div class=\"fg-loader\"><\/div><\/div><div class=\"fg-item fg-type-image fg-idle\"><figure class=\"fg-item-inner\"><a href=\"https:\/\/ksdartagnan.pl\/wp-content\/uploads\/2026\/01\/615968712_1427356709182973_7767505003670668424_n.jpg\" data-attachment-id=\"3122\" data-type=\"image\" class=\"fg-thumb\"><span class=\"fg-image-wrap\"><img decoding=\"async\" height=\"300\" width=\"400\" class=\"skip-lazy fg-image\" data-src-fg=\"https:\/\/ksdartagnan.pl\/wp-content\/uploads\/cache\/2026\/01\/615968712_1427356709182973_7767505003670668424_n\/1516830797.jpg\" src=\"data:image\/svg+xml,%3Csvg%20xmlns%3D%22http%3A%2F%2Fwww.w3.org%2F2000%2Fsvg%22%20width%3D%22400%22%20height%3D%22300%22%20viewBox%3D%220%200%20400%20300%22%3E%3C%2Fsvg%3E\" loading=\"eager\"><\/span><span class=\"fg-image-overlay\"><\/span><\/a><\/figure><div class=\"fg-loader\"><\/div><\/div><div class=\"fg-item fg-type-image fg-idle\"><figure class=\"fg-item-inner\"><a href=\"https:\/\/ksdartagnan.pl\/wp-content\/uploads\/2026\/01\/617867398_1427356585849652_5174850381281312180_n.jpg\" data-attachment-id=\"3123\" data-type=\"image\" class=\"fg-thumb\"><span class=\"fg-image-wrap\"><img decoding=\"async\" height=\"300\" width=\"225\" class=\"skip-lazy fg-image\" data-src-fg=\"https:\/\/ksdartagnan.pl\/wp-content\/uploads\/cache\/2026\/01\/617867398_1427356585849652_5174850381281312180_n\/442537084.jpg\" src=\"data:image\/svg+xml,%3Csvg%20xmlns%3D%22http%3A%2F%2Fwww.w3.org%2F2000%2Fsvg%22%20width%3D%22225%22%20height%3D%22300%22%20viewBox%3D%220%200%20225%20300%22%3E%3C%2Fsvg%3E\" loading=\"eager\"><\/span><span class=\"fg-image-overlay\"><\/span><\/a><\/figure><div class=\"fg-loader\"><\/div><\/div><div class=\"fg-item fg-type-image fg-idle\"><figure class=\"fg-item-inner\"><a href=\"https:\/\/ksdartagnan.pl\/wp-content\/uploads\/2026\/01\/618312901_1427357422516235_6781042119589101901_n.jpg\" data-attachment-id=\"3124\" data-type=\"image\" class=\"fg-thumb\"><span class=\"fg-image-wrap\"><img decoding=\"async\" height=\"300\" width=\"225\" class=\"skip-lazy fg-image\" data-src-fg=\"https:\/\/ksdartagnan.pl\/wp-content\/uploads\/cache\/2026\/01\/618312901_1427357422516235_6781042119589101901_n\/736886890.jpg\" src=\"data:image\/svg+xml,%3Csvg%20xmlns%3D%22http%3A%2F%2Fwww.w3.org%2F2000%2Fsvg%22%20width%3D%22225%22%20height%3D%22300%22%20viewBox%3D%220%200%20225%20300%22%3E%3C%2Fsvg%3E\" loading=\"eager\"><\/span><span class=\"fg-image-overlay\"><\/span><\/a><\/figure><div class=\"fg-loader\"><\/div><\/div><div class=\"fg-item fg-type-image fg-idle\"><figure class=\"fg-item-inner\"><a href=\"https:\/\/ksdartagnan.pl\/wp-content\/uploads\/2026\/01\/618326024_1427356869182957_7776145556216305515_n.jpg\" data-attachment-id=\"3125\" data-type=\"image\" class=\"fg-thumb\"><span class=\"fg-image-wrap\"><img decoding=\"async\" height=\"300\" width=\"225\" class=\"skip-lazy fg-image\" data-src-fg=\"https:\/\/ksdartagnan.pl\/wp-content\/uploads\/cache\/2026\/01\/618326024_1427356869182957_7776145556216305515_n\/4062811483.jpg\" src=\"data:image\/svg+xml,%3Csvg%20xmlns%3D%22http%3A%2F%2Fwww.w3.org%2F2000%2Fsvg%22%20width%3D%22225%22%20height%3D%22300%22%20viewBox%3D%220%200%20225%20300%22%3E%3C%2Fsvg%3E\" loading=\"eager\"><\/span><span class=\"fg-image-overlay\"><\/span><\/a><\/figure><div class=\"fg-loader\"><\/div><\/div><\/div>\n","protected":false},"excerpt":{"rendered":"<p>W sobot\u0119 na dw\u00f3ch kra\u0144cach Europy \ud83c\uddea\ud83c\uddfa odby\u0142y si\u0119 Puchary \u015awiata Junior\u00f3w we florecie &#8211; w Tbilisi \ud83c\uddec\ud83c\uddea Zosia Mikulicka i Hania Czarnecka walczy\u0142y w turnieju kobiet, natomiast w Madrycie \ud83c\uddea\ud83c\uddf8 w turnieju m\u0119skim wystartowal Franek Lewandowski.<br \/>\nNajwy\u017cej z naszych w sobot\u0119 uplasowa\u0142a si\u0119 Zosia Mikulicka, kt\u00f3ra by\u0142a 56, zdobywaj\u0105c tym samym 12 punkt\u00f3w do listy Polskiego Zwi\u0105zku Szermierczego.<br \/>\nDruga z naszych reprezentantek &#8211; Hania Czarnecka by\u0142a 104. Przypomnijmy, \u017ce Hania dzie\u0144 wcze\u015bniej zaj\u0119\u0142a fantastyczne 3\ufe0f\u20e3 miejsce w Pucharze \u015awiata Kadetek (do lat 17) \ud83e\udd49.<br \/>\nW Pucharze \u015awiata w sobot\u0119 po raz pierwszy w karierze wzi\u0105\u0142 udzia\u0142 Franek Lewandowski. Nasz floreciesta w grupie wygra\u0142 jedn\u0105 walk\u0119, a dwie kolejne przegra\u0142 zaledwie jednym punktem, zajmuj\u0105c ostatecznie 211 miejsce.<br \/>\nW najbli\u017cszy weekend pi\u0119cioro naszych zawodnik\u00f3w b\u0119dzie walczy\u0107 w stolicy \u0141otwy &#8211; Rydze \ud83c\uddf1\ud83c\uddfb &#8211; w Pucharze Europy Kadet\u00f3w<\/p>\n","protected":false},"author":3,"featured_media":3123,"comment_status":"closed","ping_status":"open","sticky":false,"template":"","format":"standard","meta":{"footnotes":""},"categories":[9],"tags":[],"class_list":["post-3126","post","type-post","status-publish","format-standard","has-post-thumbnail","hentry","category-aktualnosci"],"_links":{"self":[{"href":"https:\/\/ksdartagnan.pl\/index.php?rest_route=\/wp\/v2\/posts\/3126","targetHints":{"allow":["GET"]}}],"collection":[{"href":"https:\/\/ksdartagnan.pl\/index.php?rest_route=\/wp\/v2\/posts"}],"about":[{"href":"https:\/\/ksdartagnan.pl\/index.php?rest_route=\/wp\/v2\/types\/post"}],"author":[{"embeddable":true,"href":"https:\/\/ksdartagnan.pl\/index.php?rest_route=\/wp\/v2\/users\/3"}],"replies":[{"embeddable":true,"href":"https:\/\/ksdartagnan.pl\/index.php?rest_route=%2Fwp%2Fv2%2Fcomments&post=3126"}],"version-history":[{"count":1,"href":"https:\/\/ksdartagnan.pl\/index.php?rest_route=\/wp\/v2\/posts\/3126\/revisions"}],"predecessor-version":[{"id":3127,"href":"https:\/\/ksdartagnan.pl\/index.php?rest_route=\/wp\/v2\/posts\/3126\/revisions\/3127"}],"wp:featuredmedia":[{"embeddable":true,"href":"https:\/\/ksdartagnan.pl\/index.php?rest_route=\/wp\/v2\/media\/3123"}],"wp:attachment":[{"href":"https:\/\/ksdartagnan.pl\/index.php?rest_route=%2Fwp%2Fv2%2Fmedia&parent=3126"}],"wp:term":[{"taxonomy":"category","embeddable":true,"href":"https:\/\/ksdartagnan.pl\/index.php?rest_route=%2Fwp%2Fv2%2Fcategories&post=3126"},{"taxonomy":"post_tag","embeddable":true,"href":"https:\/\/ksdartagnan.pl\/index.php?rest_route=%2Fwp%2Fv2%2Ftags&post=3126"}],"curies":[{"name":"wp","href":"https:\/\/api.w.org\/{rel}","templated":true}]}}